{"id":4875,"date":"2025-09-12T09:27:10","date_gmt":"2025-09-12T09:27:10","guid":{"rendered":"https:\/\/justiceinmining.org\/?p=4875"},"modified":"2025-09-12T09:27:10","modified_gmt":"2025-09-12T09:27:10","slug":"manifiesto-por-la-ecologia-integral-un-llamado-profetico-de-la-iglesia-brasilena","status":"publish","type":"post","link":"https:\/\/justiceinmining.org\/es\/2025\/09\/12\/manifiesto-por-la-ecologia-integral-un-llamado-profetico-de-la-iglesia-brasilena\/","title":{"rendered":"Manifiesto por la ecolog\u00eda integral:\u00a0  Un llamado prof\u00e9tico de la Iglesia brasile\u00f1a"},"content":{"rendered":"<p><span style=\"font-weight: 400;\">12.09.25.- En el Tiempo de la Creaci\u00f3n de este A\u00f1o Jubilar, en el que estamos llamados a ser Peregrinos de la Esperanza, una voz valiente resuena desde Brasi. La Comisi\u00f3n de Ecolog\u00eda Integral y Miner\u00eda de la Conferencia Nacional de Obispos de Brasil (CNBB) ha publicado recientemente un contundente documento: el \u00abManifiesto por una Ecolog\u00eda Integral: una narrativa para enfrentar la crisis socioambiental planetaria\u00bb. Inspirado por la enc\u00edclica <\/span><i><span style=\"font-weight: 400;\">Laudato Si&#8217;<\/span><\/i><span style=\"font-weight: 400;\">, este manifiesto nos invita a mantener la esperanza frente a la crisis clim\u00e1tica. Una esperanza forjada en el compromiso radical con la justicia socioambiental.<\/span><\/p>\n<p><span style=\"font-weight: 400;\">Sus p\u00e1ginas ofrecen una lectura de los desaf\u00edos ecosociales de la sociedad brasile\u00f1a desde la espiritualidad cristiana. Pero en la medida en que estos desaf\u00edos son globales, afectan a toda la Humanidad. Por eso su mensaje es universal y apela, como lo hizo el papa Francisco en <\/span><i><span style=\"font-weight: 400;\">Laudato Si\u2019<\/span><\/i><span style=\"font-weight: 400;\">, \u201ca cada persona que habita este planeta\u201d (LS, 3).\u00a0<\/span><\/p>\n<p><span style=\"font-weight: 400;\">Concebir el cuidado de la Casa Com\u00fan como un deber intr\u00ednseco a la espiritualidad cristiana, no obstante, implica trascender la mirada contemplativa para participar de manera activa en el \u00e1mbito de lo pol\u00edtico, lo econ\u00f3mico y lo social. Es ah\u00ed donde se toman las decisiones que afectan a nuestro medioambiente y los ecosistemas. Como afirma el texto, \u201ces urgente que nos preguntemos a partir de la fe cristiana, \u00bfqu\u00e9 testimonio, qu\u00e9 postura, qu\u00e9 narrativa defendemos ante las agudas crisis sociales y ecol\u00f3gicas?\u201d\u00a0\u00a0\u00a0<\/span><\/p>\n<p><span style=\"font-weight: 400;\">A pesar de la dificultad para llegar a consensos, el manifiesto presenta una serie de puntos de convergencia para responder a esta pregunta. En primer lugar, denuncia sin concesiones al modelo capitalista y extractivista que destruye la vida en nombre del lucro. Nos confronta con una verdad inc\u00f3moda y es que la crisis ambiental y la crisis social son una sola, y esto nos exige una conversi\u00f3n profunda. La \u201cnarrativa cristiana liberadora\u201d que se propone en el texto como marco para la acci\u00f3n pasa por \u201cdenunciar a los opresores y anunciar las alternativas que vienen de los descartados\u201d (p.14).\u00a0\u00a0<\/span><\/p>\n<p><span style=\"font-weight: 400;\">Es ah\u00ed donde reside la esperanza. En la construcci\u00f3n de alternativas reales, muchas de las cuales ya est\u00e1n en marcha. Por ejemplo, en la defensa de los territorios de las comunidades, en las iniciativas que abrazan la agroecolog\u00eda como camino de vida, y en aquellas personas y colectivos que practican la \u00absobriedad feliz\u00bb como resistencia. Al identificar alternativas concretas, como el fortalecimiento de las econom\u00edas locales y el respeto a la sabidur\u00eda ancestral de los pueblos ind\u00edgenas, el manifiesto abre nuevos horizontes para construir un futuro m\u00e1s equitativo y en armon\u00eda con la Casa Com\u00fan.<\/span><\/p>\n<p><span style=\"font-weight: 400;\">Desde la Red Justicia en Miner\u00eda creemos que es especialmente relevante su llamado a desenmascarar la miner\u00eda depredadora y a exigir la desinversi\u00f3n en aquellas empresas que causan muerte y devastaci\u00f3n. Nos interpela a reforzar nuestra labor de acompa\u00f1amiento a las comunidades, a seguir denunciando las consecuencias del extractivismo y a presionar por pol\u00edticas p\u00fablicas que pongan la vida en el centro.\u00a0<\/span><\/p>\n<p><span style=\"font-weight: 400;\">Pueden leer el manifiesto completo en espa\u00f1ol e ingl\u00e9s en los siguientes enlaces:\u00a0<\/span><\/p>\n<p><a href=\"https:\/\/justiceinmining.org\/wp-content\/uploads\/2025\/09\/ESP-Manifesto-da-CEEM-1.pdf\">Manifiesto en espa\u00f1ol<\/a><\/p>\n<p><a href=\"https:\/\/justiceinmining.org\/wp-content\/uploads\/2025\/09\/ENG-Manifesto-da-CEEM-1.pdf\">Manifiesto en ingl\u00e9s<\/a><\/p>\n","protected":false},"excerpt":{"rendered":"<p>12.09.25.- En el Tiempo de la Creaci\u00f3n de este A\u00f1o Jubilar, en el que estamos llamados a ser Peregrinos de la Esperanza, una voz valiente resuena desde Brasi. La Comisi\u00f3n de Ecolog\u00eda Integral y Miner\u00eda de la Conferencia Nacional de Obispos de Brasil (CNBB) ha publicado recientemente un contundente documento: el \u00abManifiesto por una Ecolog\u00eda &hellip;<\/p>\n","protected":false},"author":160012011,"featured_media":4863,"comment_status":"open","ping_status":"open","sticky":false,"template":"","format":"standard","meta":{"_mo_disable_npp":"","_genesis_hide_title":false,"_genesis_hide_breadcrumbs":false,"_genesis_hide_singular_image":false,"_genesis_hide_footer_widgets":false,"_genesis_custom_body_class":"","_genesis_custom_post_class":"","_genesis_layout":"","advanced_seo_description":"","jetpack_seo_html_title":"","jetpack_seo_noindex":false,"_jetpack_newsletter_access":"","_jetpack_dont_email_post_to_subs":false,"_jetpack_newsletter_tier_id":0,"_jetpack_memberships_contains_paywalled_content":false,"_jetpack_memberships_contains_paid_content":false,"footnotes":"","jetpack_publicize_message":"","jetpack_publicize_feature_enabled":true,"jetpack_social_post_already_shared":true,"jetpack_social_options":{"image_generator_settings":{"template":"highway","default_image_id":0,"font":"","enabled":false},"version":2},"_wpas_customize_per_network":false,"jetpack_post_was_ever_published":false},"categories":[598600914],"tags":[],"class_list":{"0":"post-4875","1":"post","2":"type-post","3":"status-publish","4":"format-standard","5":"has-post-thumbnail","7":"category-sin-categorizar","8":"entry"},"jetpack_publicize_connections":[],"jetpack_featured_media_url":"https:\/\/i0.wp.com\/justiceinmining.org\/wp-content\/uploads\/2025\/09\/Captura-de-pantalla-2025-09-12-105208.png?fit=843%2C747&ssl=1","jetpack_likes_enabled":true,"jetpack_sharing_enabled":true,"jetpack_shortlink":"https:\/\/wp.me\/p7CJRm-1gD","amp_enabled":true,"_links":{"self":[{"href":"https:\/\/justiceinmining.org\/es\/wp-json\/wp\/v2\/posts\/4875","targetHints":{"allow":["GET"]}}],"collection":[{"href":"https:\/\/justiceinmining.org\/es\/wp-json\/wp\/v2\/posts"}],"about":[{"href":"https:\/\/justiceinmining.org\/es\/wp-json\/wp\/v2\/types\/post"}],"author":[{"embeddable":true,"href":"https:\/\/justiceinmining.org\/es\/wp-json\/wp\/v2\/users\/160012011"}],"replies":[{"embeddable":true,"href":"https:\/\/justiceinmining.org\/es\/wp-json\/wp\/v2\/comments?post=4875"}],"version-history":[{"count":2,"href":"https:\/\/justiceinmining.org\/es\/wp-json\/wp\/v2\/posts\/4875\/revisions"}],"predecessor-version":[{"id":4877,"href":"https:\/\/justiceinmining.org\/es\/wp-json\/wp\/v2\/posts\/4875\/revisions\/4877"}],"wp:featuredmedia":[{"embeddable":true,"href":"https:\/\/justiceinmining.org\/es\/wp-json\/wp\/v2\/media\/4863"}],"wp:attachment":[{"href":"https:\/\/justiceinmining.org\/es\/wp-json\/wp\/v2\/media?parent=4875"}],"wp:term":[{"taxonomy":"category","embeddable":true,"href":"https:\/\/justiceinmining.org\/es\/wp-json\/wp\/v2\/categories?post=4875"},{"taxonomy":"post_tag","embeddable":true,"href":"https:\/\/justiceinmining.org\/es\/wp-json\/wp\/v2\/tags?post=4875"}],"curies":[{"name":"wp","href":"https:\/\/api.w.org\/{rel}","templated":true}]}}