{"id":4759,"date":"2025-07-15T12:48:15","date_gmt":"2025-07-15T12:48:15","guid":{"rendered":"https:\/\/justiceinmining.org\/?p=4759"},"modified":"2025-07-15T12:48:15","modified_gmt":"2025-07-15T12:48:15","slug":"nuevo-lanzamiento-orientaciones-pastorales-frente-a-los-impactos-de-la-mineria","status":"publish","type":"post","link":"https:\/\/justiceinmining.org\/es\/2025\/07\/15\/nuevo-lanzamiento-orientaciones-pastorales-frente-a-los-impactos-de-la-mineria\/","title":{"rendered":"Nuevo lanzamiento: Orientaciones pastorales frente a los Impactos de la Miner\u00eda"},"content":{"rendered":"<p><span style=\"font-weight: 400;\">15.07.2025.- Desde la red ignaciana Justicia en la Miner\u00eda compartimos con profunda alegr\u00eda el pr\u00f3ximo lanzamiento del documento <\/span><i><span style=\"font-weight: 400;\">Orientaciones pastorales de las Iglesias Cat\u00f3licas ante los impactos de la miner\u00eda<\/span><\/i><span style=\"font-weight: 400;\">, que marca un hito en la defensa de la vida y la dignidad en los territorios afectados por la miner\u00eda.\u00a0<\/span><\/p>\n<p><span style=\"font-weight: 400;\">Esta publicaci\u00f3n es el resultado de un proceso de discernimiento inspirado a partir del encuentro \u201cLa Iglesia y las Comunidades Afectadas por la Miner\u00eda: Encuentro Fraterno de Obispos de Am\u00e9rica Latina\u00bb, realizado en Ciudad de Panam\u00e1, en octubre 2024. Dicho encuentro estuvo impulsado por el Consejo Episcopal Latinoamericano y Caribe\u00f1o (CELAM) e Iglesias y Miner\u00eda, con el apoyo del Dicasterio para el Servicio del Desarrollo Humano Integral. En \u00e9l se dieron cita cerca de 20 obispos de Am\u00e9rica Latina y Caribe comprometidos en el acompa\u00f1amiento de comunidades afectadas por la miner\u00eda y el resultado de su trabajo se publica ahora en este breve documento.<\/span><\/p>\n<p><span style=\"font-weight: 400;\">Las orientaciones pastorales nacen de la atenta escucha a quienes sufren los impactos de la miner\u00eda en territorios como La Oroya, el Agu\u00e1n, Brumadinho, Mariana o la propia Amazonia. All\u00ed el grito de la tierra y de los pobres resuena como uno s\u00f3lo y la Iglesia est\u00e1 llamada a escuchar y acompa\u00f1ar de manera prof\u00e9tica a las personas, organizaciones comunitarias y pueblos ind\u00edgenas que habitan esos territorios.\u00a0<\/span><\/p>\n<p><span style=\"font-weight: 400;\">El documento aborda temas cruciales. Profundiza en el discernimiento \u00e9tico y teol\u00f3gico de la miner\u00eda, contextualizando la recepci\u00f3n de Laudato Si\u2019 y otros documentos recientes de la ense\u00f1anza social de la Iglesia en el contexto latinoamericano y destacando la importancia de una ecolog\u00eda integral que no separe la justicia ambiental de la social. Se identifican caminos para el acompa\u00f1amiento pastoral, fortaleciendo la resiliencia comunitaria y apoyando el derecho a decir no de las comunidades. Y, asimismo, se hace un llamado a fortalecer tambi\u00e9n el propio compromiso de las Iglesias locales con la conversi\u00f3n ecol\u00f3gica. Finalmente, se advierte de los peligros impl\u00edcitos en la adopci\u00f3n por parte de la Iglesia de un rol \u201cmediador\u201d frente a Estados y Empresas que, en determinadas circunstancias, puede desvirtuar su opci\u00f3n preferencial por los pobres y el cuidado de la casa com\u00fan.\u00a0<\/span><\/p>\n<h4><strong>\u00a1Inscr\u00edbete al webinar de lanzamiento!<\/strong><\/h4>\n<p><span style=\"font-weight: 400;\">El pr\u00f3ximo <strong>17 de julio a las 17:00 horas de Colombia y 19:00 horas de Brasil<\/strong> tendr\u00e1 lugar el lanzamiento online en el que participar\u00e1n:\u00a0<\/span><\/p>\n<ul>\n<li style=\"font-weight: 400;\" aria-level=\"1\"><span style=\"font-weight: 400;\">Mons. Vicente Ferreira \u2013 Brasil<\/span><\/li>\n<li style=\"font-weight: 400;\" aria-level=\"1\"><span style=\"font-weight: 400;\">Heriberta Fern\u00e1ndez \u2013 laica, activista por la defensa de los derechos del pueblo afro y los territorios frente a la miner\u00eda<\/span><\/li>\n<li style=\"font-weight: 400;\" aria-level=\"1\"><span style=\"font-weight: 400;\">Alessandra Silvi\u2013 Dicasterio Desarrollo Humano Integral<\/span><\/li>\n<li style=\"font-weight: 400;\" aria-level=\"1\"><span style=\"font-weight: 400;\">Mons. Geovanni Paz \u2013 Ecuador<\/span><\/li>\n<li style=\"font-weight: 400;\" aria-level=\"1\"><span style=\"font-weight: 400;\">Hunter Farrell \u2013 Iglesia Presbiteriana<\/span><\/li>\n<li style=\"font-weight: 400;\" aria-level=\"1\"><span style=\"font-weight: 400;\">Moderaci\u00f3n: CELAM<\/span><\/li>\n<\/ul>\n<p><span style=\"font-weight: 400;\">Puedes inscribirte <a href=\"https:\/\/streamyard.com\/watch\/reP5jSq9WSDC\">en este enlace<\/a>.<\/span><\/p>\n<p><span style=\"font-weight: 400;\">Puedes descargar el documento en tres idiomas:\u00a0<\/span><\/p>\n<p><a href=\"https:\/\/justiceinmining.org\/wp-content\/uploads\/2025\/07\/ORIENTACIONES-PASTORALES-DE-LA-IGLESIAS.pdf\">ESP &#8211; ORIENTACIONES PASTORALES DE LAS IGLESIAS PARA LOS IMPACTOS DE LA MINER\u00cdA<\/a><\/p>\n<p><a href=\"https:\/\/justiceinmining.org\/wp-content\/uploads\/2025\/07\/VERSION-POPULAR-ORIENTACIONES-PASTORALES-Arte-final.pdf\">ESP &#8211; VERSION POPULAR ORIENTACIONES PASTORALES<\/a><\/p>\n<p><a href=\"https:\/\/justiceinmining.org\/wp-content\/uploads\/2025\/07\/ORIENTACOES-PASTORAIS-DAS-IGREJAS-CATOLICAS-FRENTE-A-MINERACAO-SIN-GUIAS.pdf\">POR &#8211; ORIENTA\u00c7\u00d5ES PASTORAIS DAS IGREJAS CAT\u00d3LICAS FRENTE \u00c0 MINERA\u00c7\u00c3O<\/a><\/p>\n<p><a href=\"https:\/\/justiceinmining.org\/wp-content\/uploads\/2025\/07\/PASTORAL-GUIDELINES-OF-THE-CATHOLIC-CHURCHES-sin-guias.pdf\">ENG &#8211; PASTORAL GUIDELINES OF THE CATHOLIC CHURCHES<\/a><\/p>\n<p>&nbsp;<\/p>\n","protected":false},"excerpt":{"rendered":"<p>15.07.2025.- Desde la red ignaciana Justicia en la Miner\u00eda compartimos con profunda alegr\u00eda el pr\u00f3ximo lanzamiento del documento Orientaciones pastorales de las Iglesias Cat\u00f3licas ante los impactos de la miner\u00eda, que marca un hito en la defensa de la vida y la dignidad en los territorios afectados por la miner\u00eda.\u00a0 Esta publicaci\u00f3n es el resultado &hellip;<\/p>\n","protected":false},"author":160012011,"featured_media":4770,"comment_status":"open","ping_status":"open","sticky":false,"template":"","format":"standard","meta":{"_mo_disable_npp":"","_genesis_hide_title":false,"_genesis_hide_breadcrumbs":false,"_genesis_hide_singular_image":false,"_genesis_hide_footer_widgets":false,"_genesis_custom_body_class":"","_genesis_custom_post_class":"","_genesis_layout":"","advanced_seo_description":"","jetpack_seo_html_title":"","jetpack_seo_noindex":false,"_jetpack_newsletter_access":"","_jetpack_dont_email_post_to_subs":false,"_jetpack_newsletter_tier_id":0,"_jetpack_memberships_contains_paywalled_content":false,"_jetpack_memberships_contains_paid_content":false,"footnotes":"","jetpack_publicize_message":"","jetpack_publicize_feature_enabled":true,"jetpack_social_post_already_shared":true,"jetpack_social_options":{"image_generator_settings":{"template":"highway","default_image_id":0,"font":"","enabled":false},"version":2},"_wpas_customize_per_network":false,"jetpack_post_was_ever_published":false},"categories":[598600974,598600944,598600973,598600950,598600934,598600936,598600972,598600954,598600931,598600951],"tags":[],"class_list":{"0":"post-4759","1":"post","2":"type-post","3":"status-publish","4":"format-standard","5":"has-post-thumbnail","7":"category-acceso-a-la-justicia","8":"category-activism-es","9":"category-defensores-y-defensoras","10":"category-ignatian-spirituality-es","11":"category-indigenous-peoples-es","12":"category-laudato-si-es","13":"category-medioambiente","14":"category-mining-advocacy-es","15":"category-pueblos-indigenas","16":"category-universal-apostolic-preferences-es","17":"entry"},"jetpack_publicize_connections":[],"jetpack_featured_media_url":"https:\/\/i0.wp.com\/justiceinmining.org\/wp-content\/uploads\/2025\/07\/cq5dam.thumbnail.cropped.750.422.jpeg?fit=750%2C422&ssl=1","jetpack_likes_enabled":true,"jetpack_sharing_enabled":true,"jetpack_shortlink":"https:\/\/wp.me\/p7CJRm-1eL","amp_enabled":true,"_links":{"self":[{"href":"https:\/\/justiceinmining.org\/es\/wp-json\/wp\/v2\/posts\/4759","targetHints":{"allow":["GET"]}}],"collection":[{"href":"https:\/\/justiceinmining.org\/es\/wp-json\/wp\/v2\/posts"}],"about":[{"href":"https:\/\/justiceinmining.org\/es\/wp-json\/wp\/v2\/types\/post"}],"author":[{"embeddable":true,"href":"https:\/\/justiceinmining.org\/es\/wp-json\/wp\/v2\/users\/160012011"}],"replies":[{"embeddable":true,"href":"https:\/\/justiceinmining.org\/es\/wp-json\/wp\/v2\/comments?post=4759"}],"version-history":[{"count":3,"href":"https:\/\/justiceinmining.org\/es\/wp-json\/wp\/v2\/posts\/4759\/revisions"}],"predecessor-version":[{"id":4772,"href":"https:\/\/justiceinmining.org\/es\/wp-json\/wp\/v2\/posts\/4759\/revisions\/4772"}],"wp:featuredmedia":[{"embeddable":true,"href":"https:\/\/justiceinmining.org\/es\/wp-json\/wp\/v2\/media\/4770"}],"wp:attachment":[{"href":"https:\/\/justiceinmining.org\/es\/wp-json\/wp\/v2\/media?parent=4759"}],"wp:term":[{"taxonomy":"category","embeddable":true,"href":"https:\/\/justiceinmining.org\/es\/wp-json\/wp\/v2\/categories?post=4759"},{"taxonomy":"post_tag","embeddable":true,"href":"https:\/\/justiceinmining.org\/es\/wp-json\/wp\/v2\/tags?post=4759"}],"curies":[{"name":"wp","href":"https:\/\/api.w.org\/{rel}","templated":true}]}}