{"id":3301,"date":"2023-02-20T11:37:19","date_gmt":"2023-02-20T11:37:19","guid":{"rendered":"https:\/\/justiceinmining.org\/?p=3301"},"modified":"2023-02-20T11:37:19","modified_gmt":"2023-02-20T11:37:19","slug":"100-organizaciones-de-derechos-humanos-piden-justicia-y-medidas-de-no-repeticion-para-guapinol","status":"publish","type":"post","link":"https:\/\/justiceinmining.org\/es\/2023\/02\/20\/100-organizaciones-de-derechos-humanos-piden-justicia-y-medidas-de-no-repeticion-para-guapinol\/","title":{"rendered":"100+ organizaciones de derechos humanos piden justicia y medidas de no repetici\u00f3n para Guapinol"},"content":{"rendered":"<p>20\/02\/2023.- Hace un mes recibimos a trav\u00e9s de nuestros colegas del Equipo para la Reflexi\u00f3n, la Investigaci\u00f3n y la Comunicaci\u00f3n (ERIC\/Radio Progreso) la noticia del asesinato de dos defensores del r\u00edo Guapinol en Honduras, Aly Dom\u00ednguez y Jairo Bonilla. La Red Justicia en Miner\u00eda se solidariza con sus amigos y familiares y por eso nos hemos sumado al <a href=\"https:\/\/www.guapinolresiste.org\/\">Observatorio por la Justicia de los Defensores del R\u00edo Guapinol<\/a> y a m\u00e1s de cien organizaciones para demandar justicia y medidas para que no vuelva a repetirse. Puedes leer el comunicado completo a continuaci\u00f3n.<\/p>\n<p id=\"viewer-84jho\" class=\"mm8Nw _1j-51 roLFQS _1FoOD _78FBa sk96G9 roLFQS public-DraftStyleDefault-block-depth0 fixed-tab-size public-DraftStyleDefault-text-ltr\"><span class=\"_2PHJq public-DraftStyleDefault-ltr\"><strong>Honduras: a un mes del asesinato de 2 defensores del r\u00edo Guapinol, m\u00e1s de 100 organizaciones de derechos humanos llaman a cumplir con obligaciones internacionales para garantizar el acceso a la justicia y medidas de no repetici\u00f3n<\/strong><\/span><\/p>\n<p id=\"viewer-4kn7i\" class=\"mm8Nw _1j-51 roLFQS _1FoOD _78FBa sk96G9 roLFQS public-DraftStyleDefault-block-depth0 fixed-tab-size public-DraftStyleDefault-text-ltr\"><span class=\"_2PHJq public-DraftStyleDefault-ltr\">A partir de esta comunicaci\u00f3n, el Observatorio por la Justicia de los Defensores del R\u00edo Guapinol y las m\u00e1s de 100 organizaciones nacionales e internacionales que suscriben, nos dirigimos a representantes del Gobierno de la Rep\u00fablica de Honduras a asumir sus obligaciones internacionales en materia de derechos humanos a un mes de los terribles asesinatos de <strong>Aly Dom\u00ednguez<\/strong> y <strong>Jairo Bonilla<\/strong>, defensores del agua y del medio ambiente de la comunidad de Guapinol el pasado 7 de enero. <\/span><\/p>\n<p id=\"viewer-egni7\" class=\"mm8Nw _1j-51 roLFQS _1FoOD _78FBa sk96G9 roLFQS public-DraftStyleDefault-block-depth0 fixed-tab-size public-DraftStyleDefault-text-ltr\"><span class=\"_2PHJq public-DraftStyleDefault-ltr\">La defensa del Parque Nacional Monta\u00f1a de Botaderos \u201cCarlos Escaleras\u201d, y los r\u00edos Guapinol y San Pedro ha posicionado una alerta internacional de los alcances del modelo extractivista que a\u00fan opera en Honduras, manteniendo el riesgo permanente a comunidades enteras y agravando la situaci\u00f3n de derechos humanos de quienes habitan los territorios. A pesar de la amplia y exhaustiva documentaci\u00f3n de la situaci\u00f3n de riesgo de las y los miembros del Comit\u00e9 Municipal de Bienes Comunes y P\u00fablicos de Toca (CMDBCPT) y las m\u00faltiples denuncias p\u00fablicas, el Estado hondure\u00f1o no ha respondido de manera contundente y efectiva frente a la cr\u00edtica situaci\u00f3n de peligro de las personas defensoras del CMDBCPT, Guapinol, sector San Pedro y sus familiares, omitiendo su responsabilidad internacional de otorgar protecci\u00f3n a personas defensoras, la debida investigaci\u00f3n pronta e imparcial de los hechos, as\u00ed como la garant\u00eda de no repetici\u00f3n.<\/span><\/p>\n<p id=\"viewer-dbrv1\" class=\"mm8Nw _1j-51 roLFQS _1FoOD _78FBa sk96G9 roLFQS public-DraftStyleDefault-block-depth0 fixed-tab-size public-DraftStyleDefault-text-ltr\"><span class=\"_2PHJq public-DraftStyleDefault-ltr\">Asimismo, extendemos la urgencia de garantizar la investigaci\u00f3n fiable, exhaustiva e imparcial que esclarezca el doble asesinato de los defensores de Guapinol, identificando las causas y la relaci\u00f3n con su labor de defensa del r\u00edo y del medio ambiente, as\u00ed como los hechos de violencia previamente denunciados y que se mantienen impunes por no tener avances sustantivos en las etapas de investigaci\u00f3n. Respaldamos a la solicitud presentada el 17 de enero para que la investigaci\u00f3n se traslade de manos del Ministerio P\u00fablico de Tocoa a la Fiscal\u00eda Especial para Cr\u00edmenes Contra la Vida y que cuente con la asesor\u00eda de la Agencia T\u00e9cnica de Investigaci\u00f3n Criminal, ya que la misma fiscal\u00eda local tuvo un papel clave en la criminalizaci\u00f3n de las personas defensoras en la zona, incluyendo a Ali Dom\u00ednguez, y el desalojo violento del campamento \u201cPor el Agua y la Vida\u201d. <\/span><\/p>\n<p id=\"viewer-704it\" class=\"mm8Nw _1j-51 roLFQS _1FoOD _78FBa sk96G9 roLFQS public-DraftStyleDefault-block-depth0 fixed-tab-size public-DraftStyleDefault-text-ltr\"><span class=\"_2PHJq public-DraftStyleDefault-ltr\">Adem\u00e1s, el Estado debe avanzar en frenar y reparar los da\u00f1os ambientales causados por el megaproyecto minero operando en la Monta\u00f1a de Botaderos, cancelando proyectos que, siendo ilegales, operan bajo una complicidad estatal y otras empresas que les blinda de cualquier responsabilidad. Es menester que el origen de los diversos conflictos socio ambientales en territorio hondure\u00f1o sea atendido desde una perspectiva de derechos humanos y que atienda las exigencias de quienes habitan los territorios. <\/span><\/p>\n<p id=\"viewer-9uqhh\" class=\"mm8Nw _1j-51 roLFQS _1FoOD _78FBa sk96G9 roLFQS public-DraftStyleDefault-block-depth0 fixed-tab-size public-DraftStyleDefault-text-ltr\"><span class=\"_2PHJq public-DraftStyleDefault-ltr\">El Observatorio de Justicia para los Defensores del Rio Guapinol y las m\u00e1s de 100 organizaciones nacionales e internacionales que suscriben esta comunicaci\u00f3n, lamentan que, a pesar de un cambio de gobierno esperanzador para Honduras y la regi\u00f3n, los patrones de violencia contra las comunidades y los pueblos originarios y campesinos contin\u00faan, favoreciendo los intereses privados y la acumulaci\u00f3n de riqueza. <\/span><\/p>\n<p id=\"viewer-7652o\" class=\"mm8Nw _1j-51 roLFQS _1FoOD _78FBa sk96G9 roLFQS public-DraftStyleDefault-block-depth0 fixed-tab-size public-DraftStyleDefault-text-ltr\"><span class=\"_2PHJq public-DraftStyleDefault-ltr\">Reconocemos y respaldamos la labor de defensa de derechos humanos en Honduras y nos solidarizamos con las v\u00edctimas de represalias y sus familias.<\/span><\/p>\n<p id=\"viewer-fj4q1\" class=\"mm8Nw _1j-51 roLFQS _1FoOD _78FBa sk96G9 roLFQS public-DraftStyleDefault-block-depth0 fixed-tab-size public-DraftStyleDefault-text-ltr\"><span class=\"_2PHJq public-DraftStyleDefault-ltr\">A esta comunicaci\u00f3n suscriben: <\/span><\/p>\n<ul>\n<li id=\"viewer-68rl6\" class=\"mm8Nw _1j-51 roLFQS _1FoOD _78FBa sk96G9 roLFQS public-DraftStyleDefault-block-depth0 fixed-tab-size public-DraftStyleDefault-text-ltr\"><span class=\"_2PHJq public-DraftStyleDefault-ltr\">Acci\u00f3n Ecum\u00e9nica por los Derechos Humanos AEDH &#8211; Honduras<\/span><\/li>\n<li id=\"viewer-e2q6f\" class=\"mm8Nw _1j-51 roLFQS _1FoOD _78FBa sk96G9 roLFQS public-DraftStyleDefault-block-depth0 fixed-tab-size public-DraftStyleDefault-text-ltr\"><span class=\"_2PHJq public-DraftStyleDefault-ltr\">Alianza Am\u00e9ricas &#8211; Estados Unidos<\/span><\/li>\n<li id=\"viewer-23e5v\" class=\"mm8Nw _1j-51 roLFQS _1FoOD _78FBa sk96G9 roLFQS public-DraftStyleDefault-block-depth0 fixed-tab-size public-DraftStyleDefault-text-ltr\"><span class=\"_2PHJq public-DraftStyleDefault-ltr\">Alianza Centroamericana Frente a la Miner\u00eda &#8211; ACAFREMIN &#8211; Centroam\u00e9rica<\/span><\/li>\n<li id=\"viewer-b7jvi\" class=\"mm8Nw _1j-51 roLFQS _1FoOD _78FBa sk96G9 roLFQS public-DraftStyleDefault-block-depth0 fixed-tab-size public-DraftStyleDefault-text-ltr\"><span class=\"_2PHJq public-DraftStyleDefault-ltr\">Alternativa de Reivindicaci\u00f3n Comunitaria y Ambientalista de Honduras ARCAH &#8211; Honduras<\/span><\/li>\n<li id=\"viewer-3ausl\" class=\"mm8Nw _1j-51 roLFQS _1FoOD _78FBa sk96G9 roLFQS public-DraftStyleDefault-block-depth0 fixed-tab-size public-DraftStyleDefault-text-ltr\"><span class=\"_2PHJq public-DraftStyleDefault-ltr\">Amazing Amy Harlib: Eccentric Yoga Entertainer, Yoga For Peace, Justice, Harmony With the Planet &#8211; Estados Unidos<\/span><\/li>\n<li id=\"viewer-fckgq\" class=\"mm8Nw _1j-51 roLFQS _1FoOD _78FBa sk96G9 roLFQS public-DraftStyleDefault-block-depth0 fixed-tab-size public-DraftStyleDefault-text-ltr\"><span class=\"_2PHJq public-DraftStyleDefault-ltr\">Asociaci\u00f3n Americana de Juristas (AAJ) &#8211; Regional<\/span><\/li>\n<li id=\"viewer-5nla3\" class=\"mm8Nw _1j-51 roLFQS _1FoOD _78FBa sk96G9 roLFQS public-DraftStyleDefault-block-depth0 fixed-tab-size public-DraftStyleDefault-text-ltr\"><span class=\"_2PHJq public-DraftStyleDefault-ltr\">Asociaci\u00f3n de Jueces por la Democracia (AJD) &#8211; Honduras<\/span><\/li>\n<li id=\"viewer-20c9l\" class=\"mm8Nw _1j-51 roLFQS _1FoOD _78FBa sk96G9 roLFQS public-DraftStyleDefault-block-depth0 fixed-tab-size public-DraftStyleDefault-text-ltr\"><span class=\"_2PHJq public-DraftStyleDefault-ltr\">Asociaci\u00f3n Entrepueblos &#8211; Espa\u00f1a<\/span><\/li>\n<li id=\"viewer-42bse\" class=\"mm8Nw _1j-51 roLFQS _1FoOD _78FBa sk96G9 roLFQS public-DraftStyleDefault-block-depth0 fixed-tab-size public-DraftStyleDefault-text-ltr\"><span class=\"_2PHJq public-DraftStyleDefault-ltr\">Asociaci\u00f3n para una Ciudadan\u00eda Participativa (ACI PARTICIPA) &#8211; Honduras<\/span><\/li>\n<li id=\"viewer-9r0fp\" class=\"mm8Nw _1j-51 roLFQS _1FoOD _78FBa sk96G9 roLFQS public-DraftStyleDefault-block-depth0 fixed-tab-size public-DraftStyleDefault-text-ltr\"><span class=\"_2PHJq public-DraftStyleDefault-ltr\">ASOPODEHU &#8211; Honduras<\/span><\/li>\n<li id=\"viewer-f64ne\" class=\"mm8Nw _1j-51 roLFQS _1FoOD _78FBa sk96G9 roLFQS public-DraftStyleDefault-block-depth0 fixed-tab-size public-DraftStyleDefault-text-ltr\"><span class=\"_2PHJq public-DraftStyleDefault-ltr\">Atlantic Regional Solidarity Network (ARSN) &#8211; Canad\u00e1<\/span><\/li>\n<li id=\"viewer-5abec\" class=\"mm8Nw _1j-51 roLFQS _1FoOD _78FBa sk96G9 roLFQS public-DraftStyleDefault-block-depth0 fixed-tab-size public-DraftStyleDefault-text-ltr\"><span class=\"_2PHJq public-DraftStyleDefault-ltr\">Bagaicha Social Research and Training Centre &#8211; India<\/span><\/li>\n<li id=\"viewer-2q86r\" class=\"mm8Nw _1j-51 roLFQS _1FoOD _78FBa sk96G9 roLFQS public-DraftStyleDefault-block-depth0 fixed-tab-size public-DraftStyleDefault-text-ltr\"><span class=\"_2PHJq public-DraftStyleDefault-ltr\">Basoa Casa de Defensoras &#8211; Euskal Herria<\/span><\/li>\n<li id=\"viewer-a94td\" class=\"mm8Nw _1j-51 roLFQS _1FoOD _78FBa sk96G9 roLFQS public-DraftStyleDefault-block-depth0 fixed-tab-size public-DraftStyleDefault-text-ltr\"><span class=\"_2PHJq public-DraftStyleDefault-ltr\">Bufete Justicia para los Pueblos &#8211; Honduras<\/span><\/li>\n<li id=\"viewer-flefs\" class=\"mm8Nw _1j-51 roLFQS _1FoOD _78FBa sk96G9 roLFQS public-DraftStyleDefault-block-depth0 fixed-tab-size public-DraftStyleDefault-text-ltr\"><span class=\"_2PHJq public-DraftStyleDefault-ltr\">Canadian Jesuits International &#8211; Canad\u00e1<\/span><\/li>\n<li id=\"viewer-maak\" class=\"mm8Nw _1j-51 roLFQS _1FoOD _78FBa sk96G9 roLFQS public-DraftStyleDefault-block-depth0 fixed-tab-size public-DraftStyleDefault-text-ltr\"><span class=\"_2PHJq public-DraftStyleDefault-ltr\">Cefa. Centro de Estudios y Capacitaci\u00f3n Familiar &#8211; Panam\u00e1<\/span><\/li>\n<li id=\"viewer-1rmbv\" class=\"mm8Nw _1j-51 roLFQS _1FoOD _78FBa sk96G9 roLFQS public-DraftStyleDefault-block-depth0 fixed-tab-size public-DraftStyleDefault-text-ltr\"><span class=\"_2PHJq public-DraftStyleDefault-ltr\">Centro de Derechos de Mujeres (CDM) \u2013 Honduras<\/span><\/li>\n<li id=\"viewer-dm48c\" class=\"mm8Nw _1j-51 roLFQS _1FoOD _78FBa sk96G9 roLFQS public-DraftStyleDefault-block-depth0 fixed-tab-size public-DraftStyleDefault-text-ltr\"><span class=\"_2PHJq public-DraftStyleDefault-ltr\">Centro de Derecho Ambiental Internacional CIEL &#8211; Honduras<\/span><\/li>\n<li id=\"viewer-dcvt7\" class=\"mm8Nw _1j-51 roLFQS _1FoOD _78FBa sk96G9 roLFQS public-DraftStyleDefault-block-depth0 fixed-tab-size public-DraftStyleDefault-text-ltr\"><span class=\"_2PHJq public-DraftStyleDefault-ltr\">Centro de Desarrollo Humano. CDH &#8211; Honduras<\/span><\/li>\n<li id=\"viewer-8qpl7\" class=\"mm8Nw _1j-51 roLFQS _1FoOD _78FBa sk96G9 roLFQS public-DraftStyleDefault-block-depth0 fixed-tab-size public-DraftStyleDefault-text-ltr\"><span class=\"_2PHJq public-DraftStyleDefault-ltr\">Centro de Estudio para la Democracia (CESPAD) &#8211; Honduras<\/span><\/li>\n<li id=\"viewer-dio6h\" class=\"mm8Nw _1j-51 roLFQS _1FoOD _78FBa sk96G9 roLFQS public-DraftStyleDefault-block-depth0 fixed-tab-size public-DraftStyleDefault-text-ltr\"><span class=\"_2PHJq public-DraftStyleDefault-ltr\">Centro de Investigaci\u00f3n y Promoci\u00f3n de los Derechos Humanos CIPRODEH &#8211; Honduras<\/span><\/li>\n<li id=\"viewer-2vb9s\" class=\"mm8Nw _1j-51 roLFQS _1FoOD _78FBa sk96G9 roLFQS public-DraftStyleDefault-block-depth0 fixed-tab-size public-DraftStyleDefault-text-ltr\"><span class=\"_2PHJq public-DraftStyleDefault-ltr\">Centro de Reflexi\u00f3n y Acci\u00f3n Social Padre Juan Montalvo &#8211; Rep\u00fablica Dominicana<\/span><\/li>\n<li id=\"viewer-8so2a\" class=\"mm8Nw _1j-51 roLFQS _1FoOD _78FBa sk96G9 roLFQS public-DraftStyleDefault-block-depth0 fixed-tab-size public-DraftStyleDefault-text-ltr\"><span class=\"_2PHJq public-DraftStyleDefault-ltr\">Centro Por la Justicia y el Derecho Internacional (CEJIL) &#8211; Costa Rica<\/span><\/li>\n<li id=\"viewer-5m513\" class=\"mm8Nw _1j-51 roLFQS _1FoOD _78FBa sk96G9 roLFQS public-DraftStyleDefault-block-depth0 fixed-tab-size public-DraftStyleDefault-text-ltr\"><span class=\"_2PHJq public-DraftStyleDefault-ltr\">CIVICUS &#8211; Internacional<\/span><\/li>\n<li id=\"viewer-3h6u8\" class=\"mm8Nw _1j-51 roLFQS _1FoOD _78FBa sk96G9 roLFQS public-DraftStyleDefault-block-depth0 fixed-tab-size public-DraftStyleDefault-text-ltr\"><span class=\"_2PHJq public-DraftStyleDefault-ltr\">CLADEM &#8211; El Salvador<\/span><\/li>\n<li id=\"viewer-a23v9\" class=\"mm8Nw _1j-51 roLFQS _1FoOD _78FBa sk96G9 roLFQS public-DraftStyleDefault-block-depth0 fixed-tab-size public-DraftStyleDefault-text-ltr\"><span class=\"_2PHJq public-DraftStyleDefault-ltr\">CLADEM Bolivia &#8211; Bolivia<\/span><\/li>\n<li id=\"viewer-6v99v\" class=\"mm8Nw _1j-51 roLFQS _1FoOD _78FBa sk96G9 roLFQS public-DraftStyleDefault-block-depth0 fixed-tab-size public-DraftStyleDefault-text-ltr\"><span class=\"_2PHJq public-DraftStyleDefault-ltr\">CLADEM CHUBUT &#8211; Argentina<\/span><\/li>\n<li id=\"viewer-8iqfq\" class=\"mm8Nw _1j-51 roLFQS _1FoOD _78FBa sk96G9 roLFQS public-DraftStyleDefault-block-depth0 fixed-tab-size public-DraftStyleDefault-text-ltr\"><span class=\"_2PHJq public-DraftStyleDefault-ltr\">CLADEM Oaxaca &#8211; M\u00e9xico<\/span><\/li>\n<li id=\"viewer-2qbop\" class=\"mm8Nw _1j-51 roLFQS _1FoOD _78FBa sk96G9 roLFQS public-DraftStyleDefault-block-depth0 fixed-tab-size public-DraftStyleDefault-text-ltr\"><span class=\"_2PHJq public-DraftStyleDefault-ltr\">Cladem Paraguay &#8211; Paraguay<\/span><\/li>\n<li id=\"viewer-8jh7q\" class=\"mm8Nw _1j-51 roLFQS _1FoOD _78FBa sk96G9 roLFQS public-DraftStyleDefault-block-depth0 fixed-tab-size public-DraftStyleDefault-text-ltr\"><span class=\"_2PHJq public-DraftStyleDefault-ltr\">Cladem Uruguay &#8211; Uruguay<\/span><\/li>\n<li id=\"viewer-co4tc\" class=\"mm8Nw _1j-51 roLFQS _1FoOD _78FBa sk96G9 roLFQS public-DraftStyleDefault-block-depth0 fixed-tab-size public-DraftStyleDefault-text-ltr\"><span class=\"_2PHJq public-DraftStyleDefault-ltr\">Cl\u00ednica de Derechos Humanos, Universidad de Ottawa &#8211; Canad\u00e1<\/span><\/li>\n<li id=\"viewer-fghk3\" class=\"mm8Nw _1j-51 roLFQS _1FoOD _78FBa sk96G9 roLFQS public-DraftStyleDefault-block-depth0 fixed-tab-size public-DraftStyleDefault-text-ltr\"><span class=\"_2PHJq public-DraftStyleDefault-ltr\">Colectivo de Abogados \u00abJos\u00e9 Alvear Restrepo\u00bb &#8211; Colombia<\/span><\/li>\n<li id=\"viewer-2c9v0\" class=\"mm8Nw _1j-51 roLFQS _1FoOD _78FBa sk96G9 roLFQS public-DraftStyleDefault-block-depth0 fixed-tab-size public-DraftStyleDefault-text-ltr\"><span class=\"_2PHJq public-DraftStyleDefault-ltr\">Comit\u00e9 Ambiental de Guapinol &#8211; Honduras<\/span><\/li>\n<li id=\"viewer-6v40b\" class=\"mm8Nw _1j-51 roLFQS _1FoOD _78FBa sk96G9 roLFQS public-DraftStyleDefault-block-depth0 fixed-tab-size public-DraftStyleDefault-text-ltr\"><span class=\"_2PHJq public-DraftStyleDefault-ltr\">Comit\u00e9 del Medio Ambiente y DDHH del NLG &#8211; Estados Unidos<\/span><\/li>\n<li id=\"viewer-96j1t\" class=\"mm8Nw _1j-51 roLFQS _1FoOD _78FBa sk96G9 roLFQS public-DraftStyleDefault-block-depth0 fixed-tab-size public-DraftStyleDefault-text-ltr\"><span class=\"_2PHJq public-DraftStyleDefault-ltr\">Comit\u00e9 Mesoamericano del NLG &#8211; Estados Unidos<\/span><\/li>\n<li id=\"viewer-6siot\" class=\"mm8Nw _1j-51 roLFQS _1FoOD _78FBa sk96G9 roLFQS public-DraftStyleDefault-block-depth0 fixed-tab-size public-DraftStyleDefault-text-ltr\"><span class=\"_2PHJq public-DraftStyleDefault-ltr\">Comit\u00e9 Municipal de Defensa de Bienes Comunes y P\u00fablicos de Tocoa &#8211; Honduras<\/span><\/li>\n<li id=\"viewer-f4aco\" class=\"mm8Nw _1j-51 roLFQS _1FoOD _78FBa sk96G9 roLFQS public-DraftStyleDefault-block-depth0 fixed-tab-size public-DraftStyleDefault-text-ltr\"><span class=\"_2PHJq public-DraftStyleDefault-ltr\">Comit\u00e9 para los Derechos Humanos en Am\u00e9rica Latina &#8211; Canad\u00e1<\/span><\/li>\n<li id=\"viewer-85q56\" class=\"mm8Nw _1j-51 roLFQS _1FoOD _78FBa sk96G9 roLFQS public-DraftStyleDefault-block-depth0 fixed-tab-size public-DraftStyleDefault-text-ltr\"><span class=\"_2PHJq public-DraftStyleDefault-ltr\">Comit\u00e9 por la Libre Expresi\u00f3n (C-Libre) &#8211; Honduras<\/span><\/li>\n<li id=\"viewer-c4e91\" class=\"mm8Nw _1j-51 roLFQS _1FoOD _78FBa sk96G9 roLFQS public-DraftStyleDefault-block-depth0 fixed-tab-size public-DraftStyleDefault-text-ltr\"><span class=\"_2PHJq public-DraftStyleDefault-ltr\">Common Frontiers &#8211; Canad\u00e1<\/span><\/li>\n<li id=\"viewer-cevc9\" class=\"mm8Nw _1j-51 roLFQS _1FoOD _78FBa sk96G9 roLFQS public-DraftStyleDefault-block-depth0 fixed-tab-size public-DraftStyleDefault-text-ltr\"><span class=\"_2PHJq public-DraftStyleDefault-ltr\">Consejo C\u00edvico de Organizaciones Populares e Ind\u00edgenas de Honduras (COPINH) &#8211; -Honduras<\/span><\/li>\n<li id=\"viewer-4jk9c\" class=\"mm8Nw _1j-51 roLFQS _1FoOD _78FBa sk96G9 roLFQS public-DraftStyleDefault-block-depth0 fixed-tab-size public-DraftStyleDefault-text-ltr\"><span class=\"_2PHJq public-DraftStyleDefault-ltr\">Consejo Ind\u00edgena Lenca de Reitoca &#8211; Honduras<\/span><\/li>\n<li id=\"viewer-5efor\" class=\"mm8Nw _1j-51 roLFQS _1FoOD _78FBa sk96G9 roLFQS public-DraftStyleDefault-block-depth0 fixed-tab-size public-DraftStyleDefault-text-ltr\"><span class=\"_2PHJq public-DraftStyleDefault-ltr\">Convergencia Contra el Continuismo &#8211; Honduras<\/span><\/li>\n<li id=\"viewer-1lv1m\" class=\"mm8Nw _1j-51 roLFQS _1FoOD _78FBa sk96G9 roLFQS public-DraftStyleDefault-block-depth0 fixed-tab-size public-DraftStyleDefault-text-ltr\"><span class=\"_2PHJq public-DraftStyleDefault-ltr\">Coordinadora de Organizaciones Populares del Aguan (COPA) &#8211; Honduras<\/span><\/li>\n<li id=\"viewer-9989d\" class=\"mm8Nw _1j-51 roLFQS _1FoOD _78FBa sk96G9 roLFQS public-DraftStyleDefault-block-depth0 fixed-tab-size public-DraftStyleDefault-text-ltr\"><span class=\"_2PHJq public-DraftStyleDefault-ltr\">Due Process of Law Foundation &#8211; Regional<\/span><\/li>\n<li id=\"viewer-7c2bt\" class=\"mm8Nw _1j-51 roLFQS _1FoOD _78FBa sk96G9 roLFQS public-DraftStyleDefault-block-depth0 fixed-tab-size public-DraftStyleDefault-text-ltr\"><span class=\"_2PHJq public-DraftStyleDefault-ltr\">Earthworks &#8211; Estados Unidos<\/span><\/li>\n<li id=\"viewer-107mb\" class=\"mm8Nw _1j-51 roLFQS _1FoOD _78FBa sk96G9 roLFQS public-DraftStyleDefault-block-depth0 fixed-tab-size public-DraftStyleDefault-text-ltr\"><span class=\"_2PHJq public-DraftStyleDefault-ltr\">Entreculturas &#8211; Espa\u00f1a<\/span><\/li>\n<li id=\"viewer-c5ukh\" class=\"mm8Nw _1j-51 roLFQS _1FoOD _78FBa sk96G9 roLFQS public-DraftStyleDefault-block-depth0 fixed-tab-size public-DraftStyleDefault-text-ltr\"><span class=\"_2PHJq public-DraftStyleDefault-ltr\">Entrepueblos &#8211; Espa\u00f1a<\/span><\/li>\n<li id=\"viewer-arg74\" class=\"mm8Nw _1j-51 roLFQS _1FoOD _78FBa sk96G9 roLFQS public-DraftStyleDefault-block-depth0 fixed-tab-size public-DraftStyleDefault-text-ltr\"><span class=\"_2PHJq public-DraftStyleDefault-ltr\">Equipo de Reflexi\u00f3n, Investigaci\u00f3n y Comunicaci\u00f3n (ERIC-SJ) &#8211; Honduras<\/span><\/li>\n<li id=\"viewer-bjact\" class=\"mm8Nw _1j-51 roLFQS _1FoOD _78FBa sk96G9 roLFQS public-DraftStyleDefault-block-depth0 fixed-tab-size public-DraftStyleDefault-text-ltr\"><span class=\"_2PHJq public-DraftStyleDefault-ltr\">Equipo Jur\u00eddico por los Derechos Humanos &#8211; Honduras<\/span><\/li>\n<li id=\"viewer-70cq\" class=\"mm8Nw _1j-51 roLFQS _1FoOD _78FBa sk96G9 roLFQS public-DraftStyleDefault-block-depth0 fixed-tab-size public-DraftStyleDefault-text-ltr\"><span class=\"_2PHJq public-DraftStyleDefault-ltr\">\u00abEstudios para la Dignidad\u00bb, Bufete de Derechos Humanos &#8211; Honduras<\/span><\/li>\n<li id=\"viewer-f3p3q\" class=\"mm8Nw _1j-51 roLFQS _1FoOD _78FBa sk96G9 roLFQS public-DraftStyleDefault-block-depth0 fixed-tab-size public-DraftStyleDefault-text-ltr\"><span class=\"_2PHJq public-DraftStyleDefault-ltr\">FDCL (Centro de Investigaci\u00f3n y Documentaci\u00f3n Chile-Am\u00e9rica Latina) &#8211; Alemania<\/span><\/li>\n<li id=\"viewer-eo3ri\" class=\"mm8Nw _1j-51 roLFQS _1FoOD _78FBa sk96G9 roLFQS public-DraftStyleDefault-block-depth0 fixed-tab-size public-DraftStyleDefault-text-ltr\"><span class=\"_2PHJq public-DraftStyleDefault-ltr\">Festivales Solidarios &#8211; Guatemala<\/span><\/li>\n<li id=\"viewer-71alq\" class=\"mm8Nw _1j-51 roLFQS _1FoOD _78FBa sk96G9 roLFQS public-DraftStyleDefault-block-depth0 fixed-tab-size public-DraftStyleDefault-text-ltr\"><span class=\"_2PHJq public-DraftStyleDefault-ltr\">FIDH, en el marco del Observatorio para la Protecci\u00f3n de los Defensores de Derechos Humanos &#8211; Francia<\/span><\/li>\n<li id=\"viewer-eg2rc\" class=\"mm8Nw _1j-51 roLFQS _1FoOD _78FBa sk96G9 roLFQS public-DraftStyleDefault-block-depth0 fixed-tab-size public-DraftStyleDefault-text-ltr\"><span class=\"_2PHJq public-DraftStyleDefault-ltr\">Foro Honduras Suiza \u2013 Suiza<\/span><\/li>\n<li id=\"viewer-2fgfn\" class=\"mm8Nw _1j-51 roLFQS _1FoOD _3M0Fe Z63qyL roLFQS public-DraftStyleDefault-block-depth0 fixed-tab-size public-DraftStyleDefault-text-ltr\"><span class=\"_2PHJq public-DraftStyleDefault-ltr\">Front Line Defenders &#8211; Irlanda<\/span><\/li>\n<li id=\"viewer-59nor\" class=\"mm8Nw _1j-51 roLFQS _1FoOD _78FBa sk96G9 roLFQS public-DraftStyleDefault-block-depth0 fixed-tab-size public-DraftStyleDefault-text-ltr\"><span class=\"_2PHJq public-DraftStyleDefault-ltr\">Fundaci\u00f3n Alboan &#8211; Espa\u00f1a<\/span><\/li>\n<li id=\"viewer-4l548\" class=\"mm8Nw _1j-51 roLFQS _1FoOD _78FBa sk96G9 roLFQS public-DraftStyleDefault-block-depth0 fixed-tab-size public-DraftStyleDefault-text-ltr\"><span class=\"_2PHJq public-DraftStyleDefault-ltr\">GHRC-USA &#8211; Estados Unidos\/Guatemala<\/span><\/li>\n<li id=\"viewer-9p41b\" class=\"mm8Nw _1j-51 roLFQS _1FoOD _78FBa sk96G9 roLFQS public-DraftStyleDefault-block-depth0 fixed-tab-size public-DraftStyleDefault-text-ltr\"><span class=\"_2PHJq public-DraftStyleDefault-ltr\">Gremio Nacional de Abogadas y Abogados (NLG) &#8211; Filial de la Bahia de San Francisco, CA &#8211; Estados Unidos<\/span><\/li>\n<li id=\"viewer-5hs3j\" class=\"mm8Nw _1j-51 roLFQS _1FoOD _78FBa sk96G9 roLFQS public-DraftStyleDefault-block-depth0 fixed-tab-size public-DraftStyleDefault-text-ltr\"><span class=\"_2PHJq public-DraftStyleDefault-ltr\">Guatemala Solidarity Project &#8211; Estados Unidos<\/span><\/li>\n<li id=\"viewer-3j5ln\" class=\"mm8Nw _1j-51 roLFQS _1FoOD _78FBa sk96G9 roLFQS public-DraftStyleDefault-block-depth0 fixed-tab-size public-DraftStyleDefault-text-ltr\"><span class=\"_2PHJq public-DraftStyleDefault-ltr\">Honduras Solidarity Network (HSN) &#8211; Canad\u00e1 y Estados Unidos<\/span><\/li>\n<li id=\"viewer-1bp02\" class=\"mm8Nw _1j-51 roLFQS _1FoOD _78FBa sk96G9 roLFQS public-DraftStyleDefault-block-depth0 fixed-tab-size public-DraftStyleDefault-text-ltr\"><span class=\"_2PHJq public-DraftStyleDefault-ltr\">Human Rights Clinic at the University of Virginia School of Law, Estados Unidos<\/span><\/li>\n<li id=\"viewer-fci6j\" class=\"mm8Nw _1j-51 roLFQS _1FoOD _78FBa sk96G9 roLFQS public-DraftStyleDefault-block-depth0 fixed-tab-size public-DraftStyleDefault-text-ltr\"><span class=\"_2PHJq public-DraftStyleDefault-ltr\">Iniciativa Mesoamericana de Mujeres Defensoras de Derechos Humanos -Mesoamerica<\/span><\/li>\n<li id=\"viewer-432qh\" class=\"mm8Nw _1j-51 roLFQS _1FoOD _78FBa sk96G9 roLFQS public-DraftStyleDefault-block-depth0 fixed-tab-size public-DraftStyleDefault-text-ltr\"><span class=\"_2PHJq public-DraftStyleDefault-ltr\">Institute for Justice and Democracy in Haiti &#8211; Estados Unidos<\/span><\/li>\n<li id=\"viewer-a3kri\" class=\"mm8Nw _1j-51 roLFQS _1FoOD _78FBa sk96G9 roLFQS public-DraftStyleDefault-block-depth0 fixed-tab-size public-DraftStyleDefault-text-ltr\"><span class=\"_2PHJq public-DraftStyleDefault-ltr\">Institute for Policy Studies &#8211; Global Economy Program &#8211; Estados Unidos<\/span><\/li>\n<li id=\"viewer-9qj1s\" class=\"mm8Nw _1j-51 roLFQS _1FoOD _78FBa sk96G9 roLFQS public-DraftStyleDefault-block-depth0 fixed-tab-size public-DraftStyleDefault-text-ltr\"><span class=\"_2PHJq public-DraftStyleDefault-ltr\">Instituto Latinoamericano para un Sociedad y un Derecho Alternativos -ILSA &#8211; Colombia<\/span><\/li>\n<li id=\"viewer-2vm1s\" class=\"mm8Nw _1j-51 roLFQS _1FoOD _78FBa sk96G9 roLFQS public-DraftStyleDefault-block-depth0 fixed-tab-size public-DraftStyleDefault-text-ltr\"><span class=\"_2PHJq public-DraftStyleDefault-ltr\">JASS &#8211; Mesoamerica<\/span><\/li>\n<li id=\"viewer-9dqdq\" class=\"mm8Nw _1j-51 roLFQS _1FoOD _78FBa sk96G9 roLFQS public-DraftStyleDefault-block-depth0 fixed-tab-size public-DraftStyleDefault-text-ltr\"><span class=\"_2PHJq public-DraftStyleDefault-ltr\">Justice in Mining Network &#8211; Internacional<\/span><\/li>\n<li id=\"viewer-bd4em\" class=\"mm8Nw _1j-51 roLFQS _1FoOD _78FBa sk96G9 roLFQS public-DraftStyleDefault-block-depth0 fixed-tab-size public-DraftStyleDefault-text-ltr\"><span class=\"_2PHJq public-DraftStyleDefault-ltr\">Latin America Working Group (LAWG) &#8211; Estados Unidos<\/span><\/li>\n<li id=\"viewer-2knpo\" class=\"mm8Nw _1j-51 roLFQS _1FoOD _78FBa sk96G9 roLFQS public-DraftStyleDefault-block-depth0 fixed-tab-size public-DraftStyleDefault-text-ltr\"><span class=\"_2PHJq public-DraftStyleDefault-ltr\">MAWO &#8211; Canad\u00e1<\/span><\/li>\n<li id=\"viewer-bhhem\" class=\"mm8Nw _1j-51 roLFQS _1FoOD _78FBa sk96G9 roLFQS public-DraftStyleDefault-block-depth0 fixed-tab-size public-DraftStyleDefault-text-ltr\"><span class=\"_2PHJq public-DraftStyleDefault-ltr\">Mesa Nacional de Incidencia para la Gesti\u00f3n del Riesgo Regi\u00f3n Centro &#8211; Honduras<\/span><\/li>\n<li id=\"viewer-b13p0\" class=\"mm8Nw _1j-51 roLFQS _1FoOD _78FBa sk96G9 roLFQS public-DraftStyleDefault-block-depth0 fixed-tab-size public-DraftStyleDefault-text-ltr\"><span class=\"_2PHJq public-DraftStyleDefault-ltr\">Movimiento Ambientalista Santabarbarense (MAS) &#8211; Honduras<\/span><\/li>\n<li id=\"viewer-hef6\" class=\"mm8Nw _1j-51 roLFQS _1FoOD _78FBa sk96G9 roLFQS public-DraftStyleDefault-block-depth0 fixed-tab-size public-DraftStyleDefault-text-ltr\"><span class=\"_2PHJq public-DraftStyleDefault-ltr\">Movimiento Amplio por la Dignidad y la Justicia &#8211; Honduras<\/span><\/li>\n<li id=\"viewer-doud2\" class=\"mm8Nw _1j-51 roLFQS _1FoOD _78FBa sk96G9 roLFQS public-DraftStyleDefault-block-depth0 fixed-tab-size public-DraftStyleDefault-text-ltr\"><span class=\"_2PHJq public-DraftStyleDefault-ltr\">Mujeres Socialistas &#8211; Honduras<\/span><\/li>\n<li id=\"viewer-321gh\" class=\"mm8Nw _1j-51 roLFQS _1FoOD _78FBa sk96G9 roLFQS public-DraftStyleDefault-block-depth0 fixed-tab-size public-DraftStyleDefault-text-ltr\"><span class=\"_2PHJq public-DraftStyleDefault-ltr\">National Lawyers Guild International Committee &#8211; Estados Unidos<\/span><\/li>\n<li id=\"viewer-dukrc\" class=\"mm8Nw _1j-51 roLFQS _1FoOD _78FBa sk96G9 roLFQS public-DraftStyleDefault-block-depth0 fixed-tab-size public-DraftStyleDefault-text-ltr\"><span class=\"_2PHJq public-DraftStyleDefault-ltr\">NLG Task Force on the Americas \u2013 Estados Unidos<\/span><\/li>\n<li id=\"viewer-62jct\" class=\"mm8Nw _1j-51 roLFQS _1FoOD _78FBa sk96G9 roLFQS public-DraftStyleDefault-block-depth0 fixed-tab-size public-DraftStyleDefault-text-ltr\"><span class=\"_2PHJq public-DraftStyleDefault-ltr\">Oficina Ecum\u00e9nica por la Paz y la Justicia &#8211; Alemania<\/span><\/li>\n<li id=\"viewer-cho7o\" class=\"mm8Nw _1j-51 roLFQS _1FoOD _78FBa sk96G9 roLFQS public-DraftStyleDefault-block-depth0 fixed-tab-size public-DraftStyleDefault-text-ltr\"><span class=\"_2PHJq public-DraftStyleDefault-ltr\">Oficina Jur\u00eddica para la Mujer &#8211; Bolivia<\/span><\/li>\n<li id=\"viewer-des1a\" class=\"mm8Nw _1j-51 roLFQS _1FoOD _78FBa sk96G9 roLFQS public-DraftStyleDefault-block-depth0 fixed-tab-size public-DraftStyleDefault-text-ltr\"><span class=\"_2PHJq public-DraftStyleDefault-ltr\">OFRANEH &#8211; Honduras<\/span><\/li>\n<li id=\"viewer-4q7je\" class=\"mm8Nw _1j-51 roLFQS _1FoOD _78FBa sk96G9 roLFQS public-DraftStyleDefault-block-depth0 fixed-tab-size public-DraftStyleDefault-text-ltr\"><span class=\"_2PHJq public-DraftStyleDefault-ltr\">Organizaci\u00f3n Mundial Contra la Tortura (OMCT), en el marco del Observatorio para la Protecci\u00f3n de los Defensores de Derechos Humanos &#8211; Suiza<\/span><\/li>\n<li id=\"viewer-7n3j\" class=\"mm8Nw _1j-51 roLFQS _1FoOD _78FBa sk96G9 roLFQS public-DraftStyleDefault-block-depth0 fixed-tab-size public-DraftStyleDefault-text-ltr\"><span class=\"_2PHJq public-DraftStyleDefault-ltr\">Plataforma Agraria &#8211; Honduras<\/span><\/li>\n<li id=\"viewer-7ftu0\" class=\"mm8Nw _1j-51 roLFQS _1FoOD _78FBa sk96G9 roLFQS public-DraftStyleDefault-block-depth0 fixed-tab-size public-DraftStyleDefault-text-ltr\"><span class=\"_2PHJq public-DraftStyleDefault-ltr\">Plataforma Internacional Contra la Impunidad &#8211; Honduras\/Guatemala\/Suiza<\/span><\/li>\n<li id=\"viewer-98o73\" class=\"mm8Nw _1j-51 roLFQS _1FoOD _78FBa sk96G9 roLFQS public-DraftStyleDefault-block-depth0 fixed-tab-size public-DraftStyleDefault-text-ltr\"><span class=\"_2PHJq public-DraftStyleDefault-ltr\">Plataforma por Honduras en Madrid &#8211; Espa\u00f1a<\/span><\/li>\n<li id=\"viewer-7s4k9\" class=\"mm8Nw _1j-51 roLFQS _1FoOD _78FBa sk96G9 roLFQS public-DraftStyleDefault-block-depth0 fixed-tab-size public-DraftStyleDefault-text-ltr\"><span class=\"_2PHJq public-DraftStyleDefault-ltr\">Protection International Mesoamerica &#8211; Organizaci\u00f3n Regional<\/span><\/li>\n<li id=\"viewer-c5vu8\" class=\"mm8Nw _1j-51 roLFQS _1FoOD _78FBa sk96G9 roLFQS public-DraftStyleDefault-block-depth0 fixed-tab-size public-DraftStyleDefault-text-ltr\"><span class=\"_2PHJq public-DraftStyleDefault-ltr\">Red de comunidades impactadas por IFIs &#8211; Am\u00e9rica Latina<\/span><\/li>\n<li id=\"viewer-5shh1\" class=\"mm8Nw _1j-51 roLFQS _1FoOD _78FBa sk96G9 roLFQS public-DraftStyleDefault-block-depth0 fixed-tab-size public-DraftStyleDefault-text-ltr\"><span class=\"_2PHJq public-DraftStyleDefault-ltr\">Red de Mujeres del Consejo Ind\u00edgena Lenca de Reitoca &#8211; Honduras<\/span><\/li>\n<li id=\"viewer-3o83t\" class=\"mm8Nw _1j-51 roLFQS _1FoOD _78FBa sk96G9 roLFQS public-DraftStyleDefault-block-depth0 fixed-tab-size public-DraftStyleDefault-text-ltr\"><span class=\"_2PHJq public-DraftStyleDefault-ltr\">Red Internacional de Promotores ODS &#8211; Honduras<\/span><\/li>\n<li id=\"viewer-5l758\" class=\"mm8Nw _1j-51 roLFQS _1FoOD _78FBa sk96G9 roLFQS public-DraftStyleDefault-block-depth0 fixed-tab-size public-DraftStyleDefault-text-ltr\"><span class=\"_2PHJq public-DraftStyleDefault-ltr\">Red Nacional de Defensoras de Derechos Humanos en Honduras &#8211; Honduras<\/span><\/li>\n<li id=\"viewer-789ni\" class=\"mm8Nw _1j-51 roLFQS _1FoOD _78FBa sk96G9 roLFQS public-DraftStyleDefault-block-depth0 fixed-tab-size public-DraftStyleDefault-text-ltr\"><span class=\"_2PHJq public-DraftStyleDefault-ltr\">REMUPRO \u2013 Honduras<\/span><\/li>\n<li id=\"viewer-dsv7r\" class=\"mm8Nw _1j-51 roLFQS _1FoOD _78FBa sk96G9 roLFQS public-DraftStyleDefault-block-depth0 fixed-tab-size public-DraftStyleDefault-text-ltr\"><span class=\"_2PHJq public-DraftStyleDefault-ltr\">Robert F. Kennedy Human Rights <\/span><\/li>\n<li id=\"viewer-c19r\" class=\"mm8Nw _1j-51 roLFQS _1FoOD _78FBa sk96G9 roLFQS public-DraftStyleDefault-block-depth0 fixed-tab-size public-DraftStyleDefault-text-ltr\"><span class=\"_2PHJq public-DraftStyleDefault-ltr\">Rights Action &#8211; Canad\u00e1\/Estados Unidos<\/span><\/li>\n<li id=\"viewer-cfv24\" class=\"mm8Nw _1j-51 roLFQS _1FoOD _78FBa sk96G9 roLFQS public-DraftStyleDefault-block-depth0 fixed-tab-size public-DraftStyleDefault-text-ltr\"><span class=\"_2PHJq public-DraftStyleDefault-ltr\">Romero Initiative e.V. &#8211; Alemania<\/span><\/li>\n<li id=\"viewer-a24ea\" class=\"mm8Nw _1j-51 roLFQS _1FoOD _78FBa sk96G9 roLFQS public-DraftStyleDefault-block-depth0 fixed-tab-size public-DraftStyleDefault-text-ltr\"><span class=\"_2PHJq public-DraftStyleDefault-ltr\">Salvemos El R\u00edo Danto &#8211; Honduras<\/span><\/li>\n<li id=\"viewer-egvkh\" class=\"mm8Nw _1j-51 roLFQS _1FoOD _78FBa sk96G9 roLFQS public-DraftStyleDefault-block-depth0 fixed-tab-size public-DraftStyleDefault-text-ltr\"><span class=\"_2PHJq public-DraftStyleDefault-ltr\">Santa Clara University &#8211; International Human Rights Clinic &#8211; Estados Unidos<\/span><\/li>\n<li id=\"viewer-11pu0\" class=\"mm8Nw _1j-51 roLFQS _1FoOD _78FBa sk96G9 roLFQS public-DraftStyleDefault-block-depth0 fixed-tab-size public-DraftStyleDefault-text-ltr\"><span class=\"_2PHJq public-DraftStyleDefault-ltr\">Serso Honduras &#8211; Honduras<\/span><\/li>\n<li id=\"viewer-7os5v\" class=\"mm8Nw _1j-51 roLFQS _1FoOD _78FBa sk96G9 roLFQS public-DraftStyleDefault-block-depth0 fixed-tab-size public-DraftStyleDefault-text-ltr\"><span class=\"_2PHJq public-DraftStyleDefault-ltr\">SHARE &#8211; Estados Unidos<\/span><\/li>\n<li id=\"viewer-25oc8\" class=\"mm8Nw _1j-51 roLFQS _1FoOD _78FBa sk96G9 roLFQS public-DraftStyleDefault-block-depth0 fixed-tab-size public-DraftStyleDefault-text-ltr\"><span class=\"_2PHJq public-DraftStyleDefault-ltr\">Sisters of Mercy Justice Team, Washington, DC &#8211; Estados Unidos<\/span><\/li>\n<li id=\"viewer-d4oaf\" class=\"mm8Nw _1j-51 roLFQS _1FoOD _78FBa sk96G9 roLFQS public-DraftStyleDefault-block-depth0 fixed-tab-size public-DraftStyleDefault-text-ltr\"><span class=\"_2PHJq public-DraftStyleDefault-ltr\">Sustentarse &#8211; Chile<\/span><\/li>\n<li id=\"viewer-9v5ds\" class=\"mm8Nw _1j-51 roLFQS _1FoOD _78FBa sk96G9 roLFQS public-DraftStyleDefault-block-depth0 fixed-tab-size public-DraftStyleDefault-text-ltr\"><span class=\"_2PHJq public-DraftStyleDefault-ltr\">Tribunal Internacional de Conciencia de los Pueblos en Movimiento (TICPM) &#8211; Mexico\/Colombia\/Per\u00fa\/Ecuador\/Estados Unidos<\/span><\/li>\n<li id=\"viewer-3867g\" class=\"mm8Nw _1j-51 roLFQS _1FoOD _78FBa sk96G9 roLFQS public-DraftStyleDefault-block-depth0 fixed-tab-size public-DraftStyleDefault-text-ltr\"><span class=\"_2PHJq public-DraftStyleDefault-ltr\">Tr\u00f3caire &#8211; Honduras<\/span><\/li>\n<li id=\"viewer-fn8io\" class=\"mm8Nw _1j-51 roLFQS _1FoOD _78FBa sk96G9 roLFQS public-DraftStyleDefault-block-depth0 fixed-tab-size public-DraftStyleDefault-text-ltr\"><span class=\"_2PHJq public-DraftStyleDefault-ltr\">Unidad de Protecci\u00f3n a Defensoras y Defensores de Derechos Humanos -Guatemala (UDEFEGUA) &#8211; Guatemala<\/span><\/li>\n<li id=\"viewer-cmlkc\" class=\"mm8Nw _1j-51 roLFQS _1FoOD _78FBa sk96G9 roLFQS public-DraftStyleDefault-block-depth0 fixed-tab-size public-DraftStyleDefault-text-ltr\"><span class=\"_2PHJq public-DraftStyleDefault-ltr\">Unitarian Universalist Service Committee (UUSC) &#8211; Estados Unidos<\/span><\/li>\n<li id=\"viewer-djcn7\" class=\"mm8Nw _1j-51 roLFQS _1FoOD _78FBa sk96G9 roLFQS public-DraftStyleDefault-block-depth0 fixed-tab-size public-DraftStyleDefault-text-ltr\"><span class=\"_2PHJq public-DraftStyleDefault-ltr\">University of San Francisco Master in Migration Studies Program &#8211; Estados Unidos<\/span><\/li>\n<li id=\"viewer-88m5h\" class=\"mm8Nw _1j-51 roLFQS _1FoOD _78FBa sk96G9 roLFQS public-DraftStyleDefault-block-depth0 fixed-tab-size public-DraftStyleDefault-text-ltr\"><span class=\"_2PHJq public-DraftStyleDefault-ltr\">Voces y Manos &#8211; Guatemala<\/span><\/li>\n<\/ul>\n<p>Puedes descargarte el comunicado <a href=\"https:\/\/justiceinmining.org\/wp-content\/uploads\/2023\/02\/Comunicado_OJDG_17Feb2023.pdf\">en este enlace.<\/a><\/p>\n","protected":false},"excerpt":{"rendered":"<p>20\/02\/2023.- Hace un mes recibimos a trav\u00e9s de nuestros colegas del Equipo para la Reflexi\u00f3n, la Investigaci\u00f3n y la Comunicaci\u00f3n (ERIC\/Radio Progreso) la noticia del asesinato de dos defensores del r\u00edo Guapinol en Honduras, Aly Dom\u00ednguez y Jairo Bonilla. La Red Justicia en Miner\u00eda se solidariza con sus amigos y familiares y por eso nos &hellip;<\/p>\n","protected":false},"author":160012011,"featured_media":3297,"comment_status":"open","ping_status":"open","sticky":false,"template":"","format":"standard","meta":{"_mo_disable_npp":"","_genesis_hide_title":false,"_genesis_hide_breadcrumbs":false,"_genesis_hide_singular_image":false,"_genesis_hide_footer_widgets":false,"_genesis_custom_body_class":"","_genesis_custom_post_class":"","_genesis_layout":"","advanced_seo_description":"","jetpack_seo_html_title":"","jetpack_seo_noindex":false,"_jetpack_newsletter_access":"","_jetpack_dont_email_post_to_subs":false,"_jetpack_newsletter_tier_id":0,"_jetpack_memberships_contains_paywalled_content":false,"_jetpack_memberships_contains_paid_content":false,"footnotes":"","jetpack_publicize_message":"","jetpack_publicize_feature_enabled":true,"jetpack_social_post_already_shared":true,"jetpack_social_options":{"image_generator_settings":{"template":"highway","default_image_id":0,"font":"","enabled":false},"version":2},"_wpas_customize_per_network":false,"jetpack_post_was_ever_published":false},"categories":[598600974,598600944,598600971,598600973,598600972],"tags":[],"class_list":{"0":"post-3301","1":"post","2":"type-post","3":"status-publish","4":"format-standard","5":"has-post-thumbnail","7":"category-acceso-a-la-justicia","8":"category-activism-es","9":"category-criminalizacion","10":"category-defensores-y-defensoras","11":"category-medioambiente","12":"entry"},"jetpack_publicize_connections":[],"jetpack_featured_media_url":"https:\/\/i0.wp.com\/justiceinmining.org\/wp-content\/uploads\/2023\/02\/Guapinol.png?fit=533%2C446&ssl=1","jetpack_likes_enabled":true,"jetpack_sharing_enabled":true,"jetpack_shortlink":"https:\/\/wp.me\/p7CJRm-Rf","amp_enabled":true,"_links":{"self":[{"href":"https:\/\/justiceinmining.org\/es\/wp-json\/wp\/v2\/posts\/3301","targetHints":{"allow":["GET"]}}],"collection":[{"href":"https:\/\/justiceinmining.org\/es\/wp-json\/wp\/v2\/posts"}],"about":[{"href":"https:\/\/justiceinmining.org\/es\/wp-json\/wp\/v2\/types\/post"}],"author":[{"embeddable":true,"href":"https:\/\/justiceinmining.org\/es\/wp-json\/wp\/v2\/users\/160012011"}],"replies":[{"embeddable":true,"href":"https:\/\/justiceinmining.org\/es\/wp-json\/wp\/v2\/comments?post=3301"}],"version-history":[{"count":5,"href":"https:\/\/justiceinmining.org\/es\/wp-json\/wp\/v2\/posts\/3301\/revisions"}],"predecessor-version":[{"id":3308,"href":"https:\/\/justiceinmining.org\/es\/wp-json\/wp\/v2\/posts\/3301\/revisions\/3308"}],"wp:featuredmedia":[{"embeddable":true,"href":"https:\/\/justiceinmining.org\/es\/wp-json\/wp\/v2\/media\/3297"}],"wp:attachment":[{"href":"https:\/\/justiceinmining.org\/es\/wp-json\/wp\/v2\/media?parent=3301"}],"wp:term":[{"taxonomy":"category","embeddable":true,"href":"https:\/\/justiceinmining.org\/es\/wp-json\/wp\/v2\/categories?post=3301"},{"taxonomy":"post_tag","embeddable":true,"href":"https:\/\/justiceinmining.org\/es\/wp-json\/wp\/v2\/tags?post=3301"}],"curies":[{"name":"wp","href":"https:\/\/api.w.org\/{rel}","templated":true}]}}