{"id":2266,"date":"2021-05-20T08:44:25","date_gmt":"2021-05-20T08:44:25","guid":{"rendered":"https:\/\/justiceinmining.org\/?p=2266"},"modified":"2021-05-20T08:44:25","modified_gmt":"2021-05-20T08:44:25","slug":"unete-y-reza-con-nosotros-en-la-vigilia-global-por-el-ano-ignaciano","status":"publish","type":"post","link":"https:\/\/justiceinmining.org\/es\/2021\/05\/20\/unete-y-reza-con-nosotros-en-la-vigilia-global-por-el-ano-ignaciano\/","title":{"rendered":"\u00danete y reza con nosotros en la Vigilia Global por el A\u00f1o Ignaciano"},"content":{"rendered":"<h3><strong>El 20 de mayo de 1521, hace 500 a\u00f1os, San Ignacio de Loyola fue herido en la batalla de Pamplona.<\/strong><\/h3>\n<p>Esta herida trunc\u00f3 sus sue\u00f1os de gloria mundana y le puso en el camino de la conversi\u00f3n, que finalmente llevar\u00eda a la fundaci\u00f3n de la Compa\u00f1\u00eda de Jes\u00fas.<\/p>\n<p>Este a\u00f1o es una oportunidad para celebrar esta conversi\u00f3n, para renovarse, para convertirse en peregrinos con Ignacio, y para ver todas las cosas nuevas en Cristo.<\/p>\n<p><strong>Te invitamos a comenzar este A\u00f1o Ignaciano en oraci\u00f3n con nosotros el 23 de mayo con una oraci\u00f3n en l\u00ednea <a href=\"https:\/\/ignatius500.global\/live\/\">en este sitio web<\/a>.<\/strong> El P. General Arturo Sosa se unir\u00e1 a nosotros en la oraci\u00f3n, y personas de todo el mundo compartir\u00e1n un testimonio. Tambi\u00e9n habr\u00e1 espacio para la oraci\u00f3n personal en silencio.<\/p>\n<p><strong>La oraci\u00f3n se retransmitir\u00e1 tres veces: a las 20:00 en Manila (PST), Roma (CET) y Nueva York (EDT); y cada vez habr\u00e1 tres opciones de idioma: ingl\u00e9s, espa\u00f1ol y franc\u00e9s.<\/strong><\/p>\n<div class=\"et_pb_column et_pb_column_1_3 et_pb_column_2 et_pb_css_mix_blend_mode_passthrough et_had_animation\" data-animation-style=\"slideBottom\" data-animation-repeat=\"\" data-animation-duration=\"1000ms\" data-animation-delay=\"400ms\" data-animation-intensity=\"50%\" data-animation-starting-opacity=\"0%\" data-animation-speed-curve=\"ease-in-out\">\n<div class=\"et_pb_module et_pb_toggle et_pb_toggle_1 et_pb_toggle_item et_pb_toggle_open\">\n<div class=\"et_pb_toggle_content clearfix\">\n<p>\u00a1\u00danete y reza con nosotros!<\/p>\n<\/div>\n<\/div>\n<\/div>\n<div class=\"et_pb_column et_pb_column_1_3 et_pb_column_3 et_pb_css_mix_blend_mode_passthrough et-last-child et_had_animation\" data-animation-style=\"slideBottom\" data-animation-repeat=\"\" data-animation-duration=\"1000ms\" data-animation-delay=\"800ms\" data-animation-intensity=\"50%\" data-animation-starting-opacity=\"0%\" data-animation-speed-curve=\"ease-in-out\">\n<div class=\"et_pb_module et_pb_image et_pb_image_3 et_pb_has_overlay\"><\/div>\n<\/div>\n<div style=\"width: 640px;\" class=\"wp-video\"><video class=\"wp-video-shortcode\" id=\"video-2266-1\" width=\"640\" height=\"360\" preload=\"metadata\" controls=\"controls\"><source type=\"video\/mp4\" src=\"https:\/\/jesuit.network\/wp-content\/uploads\/2021\/05\/invitation_video_-_small-1.mp4?_=1\" \/><a href=\"https:\/\/jesuit.network\/wp-content\/uploads\/2021\/05\/invitation_video_-_small-1.mp4\">https:\/\/jesuit.network\/wp-content\/uploads\/2021\/05\/invitation_video_-_small-1.mp4<\/a><\/video><\/div>\n","protected":false},"excerpt":{"rendered":"<p>El 20 de mayo de 1521, hace 500 a\u00f1os, San Ignacio de Loyola fue herido en la batalla de Pamplona. Esta herida trunc\u00f3 sus sue\u00f1os de gloria mundana y le puso en el camino de la conversi\u00f3n, que finalmente llevar\u00eda a la fundaci\u00f3n de la Compa\u00f1\u00eda de Jes\u00fas. Este a\u00f1o es una oportunidad para celebrar &hellip;<\/p>\n","protected":false},"author":160012011,"featured_media":2269,"comment_status":"open","ping_status":"open","sticky":false,"template":"","format":"standard","meta":{"_mo_disable_npp":"","_genesis_hide_title":false,"_genesis_hide_breadcrumbs":false,"_genesis_hide_singular_image":false,"_genesis_hide_footer_widgets":false,"_genesis_custom_body_class":"","_genesis_custom_post_class":"","_genesis_layout":"","advanced_seo_description":"","jetpack_seo_html_title":"","jetpack_seo_noindex":false,"_jetpack_newsletter_access":"","_jetpack_dont_email_post_to_subs":false,"_jetpack_newsletter_tier_id":0,"_jetpack_memberships_contains_paywalled_content":false,"_jetpack_memberships_contains_paid_content":false,"footnotes":"","jetpack_publicize_message":"","jetpack_publicize_feature_enabled":true,"jetpack_social_post_already_shared":true,"jetpack_social_options":{"image_generator_settings":{"template":"highway","default_image_id":0,"font":"","enabled":false},"version":2},"_wpas_customize_per_network":false,"jetpack_post_was_ever_published":false},"categories":[598600950,598600935,598600951],"tags":[],"class_list":{"0":"post-2266","1":"post","2":"type-post","3":"status-publish","4":"format-standard","5":"has-post-thumbnail","7":"category-ignatian-spirituality-es","8":"category-jesuit-events-es","9":"category-universal-apostolic-preferences-es","10":"entry"},"jetpack_publicize_connections":[],"jetpack_featured_media_url":"https:\/\/i0.wp.com\/justiceinmining.org\/wp-content\/uploads\/2021\/05\/invitation_ESP-e1621500208852.png?fit=869%2C629&ssl=1","jetpack_likes_enabled":true,"jetpack_sharing_enabled":true,"jetpack_shortlink":"https:\/\/wp.me\/p7CJRm-Ay","amp_enabled":true,"_links":{"self":[{"href":"https:\/\/justiceinmining.org\/es\/wp-json\/wp\/v2\/posts\/2266","targetHints":{"allow":["GET"]}}],"collection":[{"href":"https:\/\/justiceinmining.org\/es\/wp-json\/wp\/v2\/posts"}],"about":[{"href":"https:\/\/justiceinmining.org\/es\/wp-json\/wp\/v2\/types\/post"}],"author":[{"embeddable":true,"href":"https:\/\/justiceinmining.org\/es\/wp-json\/wp\/v2\/users\/160012011"}],"replies":[{"embeddable":true,"href":"https:\/\/justiceinmining.org\/es\/wp-json\/wp\/v2\/comments?post=2266"}],"version-history":[{"count":3,"href":"https:\/\/justiceinmining.org\/es\/wp-json\/wp\/v2\/posts\/2266\/revisions"}],"predecessor-version":[{"id":2271,"href":"https:\/\/justiceinmining.org\/es\/wp-json\/wp\/v2\/posts\/2266\/revisions\/2271"}],"wp:featuredmedia":[{"embeddable":true,"href":"https:\/\/justiceinmining.org\/es\/wp-json\/wp\/v2\/media\/2269"}],"wp:attachment":[{"href":"https:\/\/justiceinmining.org\/es\/wp-json\/wp\/v2\/media?parent=2266"}],"wp:term":[{"taxonomy":"category","embeddable":true,"href":"https:\/\/justiceinmining.org\/es\/wp-json\/wp\/v2\/categories?post=2266"},{"taxonomy":"post_tag","embeddable":true,"href":"https:\/\/justiceinmining.org\/es\/wp-json\/wp\/v2\/tags?post=2266"}],"curies":[{"name":"wp","href":"https:\/\/api.w.org\/{rel}","templated":true}]}}